{"id":3584,"date":"2022-12-14T10:20:59","date_gmt":"2022-12-14T08:20:59","guid":{"rendered":"https:\/\/rode.fi\/?p=3584"},"modified":"2022-12-14T10:21:32","modified_gmt":"2022-12-14T08:21:32","slug":"bortslangda-julgranarna-samlas-upp-under-januari","status":"publish","type":"post","link":"https:\/\/rode.fi\/sv\/2022\/12\/14\/bortslangda-julgranarna-samlas-upp-under-januari\/","title":{"rendered":"Bortsl\u00e4ngda julgranarna samlas upp under januari"},"content":{"rendered":"<h4>Jultiden \u00e4r h\u00e4r! S\u00e5 som tidigare, ska HRM samla upp bortsl\u00e4ngda julgranarna i Kronbergsstranden<strong> under veckorna 1-4 (2.1. \u2013 29.1.2023).<\/strong><\/h4>\n<p>Julgranarna ska samlas in <strong>utanf\u00f6r<\/strong> varje sorteringsrum i Kruunuparkki (parkeringshus):<\/p>\n<p><a href=\"https:\/\/rode.fi\/wp-content\/uploads\/2018\/12\/kruunis-joulukuuset-2019-2.jpg\"><img loading=\"lazy\" decoding=\"async\" class=\"size-medium wp-image-2670 alignright\" src=\"https:\/\/rode.fi\/wp-content\/uploads\/2018\/12\/kruunis-joulukuuset-2019-2-300x220.jpg\" alt=\"\" width=\"300\" height=\"220\" srcset=\"https:\/\/rode.fi\/wp-content\/uploads\/2018\/12\/kruunis-joulukuuset-2019-2-300x220.jpg 300w, https:\/\/rode.fi\/wp-content\/uploads\/2018\/12\/kruunis-joulukuuset-2019-2-768x563.jpg 768w, https:\/\/rode.fi\/wp-content\/uploads\/2018\/12\/kruunis-joulukuuset-2019-2-1024x751.jpg 1024w, https:\/\/rode.fi\/wp-content\/uploads\/2018\/12\/kruunis-joulukuuset-2019-2-416x305.jpg 416w, https:\/\/rode.fi\/wp-content\/uploads\/2018\/12\/kruunis-joulukuuset-2019-2-491x360.jpg 491w, https:\/\/rode.fi\/wp-content\/uploads\/2018\/12\/kruunis-joulukuuset-2019-2-940x689.jpg 940w, https:\/\/rode.fi\/wp-content\/uploads\/2018\/12\/kruunis-joulukuuset-2019-2-440x323.jpg 440w, https:\/\/rode.fi\/wp-content\/uploads\/2018\/12\/kruunis-joulukuuset-2019-2.jpg 1196w\" sizes=\"auto, (max-width: 300px) 100vw, 300px\" \/><\/a><\/p>\n<ul>\n<li>Kruunuparkki 1: Mellinsv\u00e4gen 7<\/li>\n<li>Kruunuparkki 2: F\u00f6gl\u00f6gr\u00e4nden 5<\/li>\n<li>Kruunuparkki 3: Gunillav\u00e4gen 13<\/li>\n<li>Kruunuparkki 4: Rosalagr\u00e4nden 8<\/li>\n<li>Kruunuparkki 5: Hundholmsv\u00e4gen 48<\/li>\n<\/ul>\n<p>&nbsp;<\/p>\n<p>&nbsp;<\/p>\n<p><strong>L\u00e4gg f\u00f6rsiktigt gamla julgranarna i en stack utan att blockera passagen.<\/strong><\/p>\n<p><strong>L\u00e4mna inte julgranar i sorteringsrum eller framf\u00f6r avfallsr\u00f6r!\u00a0<\/strong><\/p>\n<h6>Tack s\u00e5 mycket och God Jultid!<\/h6>\n","protected":false},"excerpt":{"rendered":"<p>Jultiden \u00e4r h\u00e4r! S\u00e5 som tidigare, ska HRM samla upp bortsl\u00e4ngda julgranarna i Kronbergsstranden under veckorna 1-4 (2.1. \u2013 29.1.2023). Julgranarna ska samlas in utanf\u00f6r\u2026<\/p>\n","protected":false},"author":16,"featured_media":0,"comment_status":"closed","ping_status":"closed","sticky":false,"template":"","format":"standard","meta":{"_acf_changed":false,"footnotes":""},"categories":[4],"tags":[],"class_list":["post-3584","post","type-post","status-publish","format-standard","hentry","category-yleinen-sv"],"acf":[],"_links":{"self":[{"href":"https:\/\/rode.fi\/sv\/wp-json\/wp\/v2\/posts\/3584","targetHints":{"allow":["GET"]}}],"collection":[{"href":"https:\/\/rode.fi\/sv\/wp-json\/wp\/v2\/posts"}],"about":[{"href":"https:\/\/rode.fi\/sv\/wp-json\/wp\/v2\/types\/post"}],"author":[{"embeddable":true,"href":"https:\/\/rode.fi\/sv\/wp-json\/wp\/v2\/users\/16"}],"replies":[{"embeddable":true,"href":"https:\/\/rode.fi\/sv\/wp-json\/wp\/v2\/comments?post=3584"}],"version-history":[{"count":8,"href":"https:\/\/rode.fi\/sv\/wp-json\/wp\/v2\/posts\/3584\/revisions"}],"predecessor-version":[{"id":3609,"href":"https:\/\/rode.fi\/sv\/wp-json\/wp\/v2\/posts\/3584\/revisions\/3609"}],"wp:attachment":[{"href":"https:\/\/rode.fi\/sv\/wp-json\/wp\/v2\/media?parent=3584"}],"wp:term":[{"taxonomy":"category","embeddable":true,"href":"https:\/\/rode.fi\/sv\/wp-json\/wp\/v2\/categories?post=3584"},{"taxonomy":"post_tag","embeddable":true,"href":"https:\/\/rode.fi\/sv\/wp-json\/wp\/v2\/tags?post=3584"}],"curies":[{"name":"wp","href":"https:\/\/api.w.org\/{rel}","templated":true}]}}